{"id":2174,"date":"2024-12-11T12:01:18","date_gmt":"2024-12-11T11:01:18","guid":{"rendered":"https:\/\/sonnenschein-wertingen.de\/?p=2174"},"modified":"2024-12-11T12:04:36","modified_gmt":"2024-12-11T11:04:36","slug":"grosses-kooperationstreffen-im-kinderhaus-sonnenschein","status":"publish","type":"post","link":"https:\/\/sonnenschein-wertingen.de\/?p=2174","title":{"rendered":"Gro\u00dfes Kooperationstreffen im Kinderhaus Sonnenschein"},"content":{"rendered":"\t\t<div data-elementor-type=\"wp-post\" data-elementor-id=\"2174\" class=\"elementor elementor-2174\">\n\t\t\t\t\t\t<div class=\"elementor-inner\">\n\t\t\t\t<div class=\"elementor-section-wrap\">\n\t\t\t\t\t\t\t\t\t<section class=\"elementor-section elementor-top-section elementor-element elementor-element-c6a7518 elementor-section-boxed elementor-section-height-default elementor-section-height-default\" data-id=\"c6a7518\" data-element_type=\"section\">\n\t\t\t\t\t\t<div class=\"elementor-container elementor-column-gap-default\">\n\t\t\t\t\t\t\t<div class=\"elementor-row\">\n\t\t\t\t\t<div class=\"elementor-column elementor-col-100 elementor-top-column elementor-element elementor-element-117e0e8\" data-id=\"117e0e8\" data-element_type=\"column\">\n\t\t\t<div class=\"elementor-column-wrap elementor-element-populated\">\n\t\t\t\t\t\t\t<div class=\"elementor-widget-wrap\">\n\t\t\t\t\t\t<div class=\"elementor-element elementor-element-41fd64f elementor-widget elementor-widget-text-editor\" data-id=\"41fd64f\" data-element_type=\"widget\" data-widget_type=\"text-editor.default\">\n\t\t\t\t<div class=\"elementor-widget-container\">\n\t\t\t\t\t\t\t\t<div class=\"elementor-text-editor elementor-clearfix\">\n\t\t\t\t<p><span style=\"font-size: 14pt; font-family: georgia, palatino, serif; color: #000000;\">Am 13. November 2024 fand am Nachmittag das j\u00e4hrliche Kooperationstreffen mit den Lehrern der Grundschule Wertingen und den Erziehern\/ -innen der Kinderg\u00e4rten von Wertingen und Umgebung statt.<\/span><\/p><p><span style=\"font-size: 14pt; font-family: georgia, palatino, serif; color: #000000;\">Ziel des Treffens ist es, den Austausch zwischen den Einrichtungen aufrecht zu erhalten und sich gegenseitig Einblick in die t\u00e4gliche Bildungsarbeit zu geben. Somit soll den Vorschulkindern der \u00dcbergang in die Grundschule erleichtert werden.<\/span><\/p><p><span style=\"font-size: 14pt; font-family: georgia, palatino, serif; color: #000000;\">Nach einer kurzen Begr\u00fc\u00dfung\u00a0 fand eine Vorstellungsrunde statt. Danach stellten die Gruppenleiterinnen des Kinderhauses Sonnenschein die F\u00f6rderschwerpunkte Mathematik und Naturwissenschaften aus dem \u201eBayerischen Bildungs- und Erziehungsplan f\u00fcr Kinder in Tageseinrichtungen bis zur Einschulung\u201c vor, sowie die Arbeit mit den Vorschulkindern.<\/span><\/p><p><span style=\"font-family: georgia, palatino, serif; font-size: 14pt; color: #000000;\">Anschlie\u00dfend wurde \u00fcber die verbindlichen Sprachstandserhebungen vor der Einschulung diskutiert (ab M\u00e4rz 2025 Pflicht in Bayern) und deren praktische Umsetzung in Schule und Kita.<\/span><\/p><p><span style=\"font-family: georgia, palatino, serif; font-size: 14pt; color: #000000;\">Zur St\u00e4rkung gab es ein kleines Buffet, sowie Kaffee und Kuchen. Es fand ein offener Austausch statt zwischen den Lehrern und Erziehern und verschiedene Aktionen und Besuche f\u00fcr die Schulanf\u00e4nger in der Grundschule wurden geplant.<\/span><\/p><p><span style=\"font-family: georgia, palatino, serif; font-size: 14pt; color: #000000;\">Zum Abschluss fand eine Hausf\u00fchrung durch das Kinderhaus statt und es wurde den Besuchern die praktische Umsetzung der F\u00f6rderschwerpunkte Mathe und Naturwissenschaften gezeigt bzw. vorgef\u00fchrt.<\/span><\/p>\t\t\t\t\t<\/div>\n\t\t\t\t\t\t<\/div>\n\t\t\t\t<\/div>\n\t\t\t\t\t\t<\/div>\n\t\t\t\t\t<\/div>\n\t\t<\/div>\n\t\t\t\t\t\t\t\t<\/div>\n\t\t\t\t\t<\/div>\n\t\t<\/section>\n\t\t\t\t<section class=\"elementor-section elementor-top-section elementor-element elementor-element-608f874 elementor-section-boxed elementor-section-height-default elementor-section-height-default\" data-id=\"608f874\" data-element_type=\"section\">\n\t\t\t\t\t\t<div class=\"elementor-container elementor-column-gap-default\">\n\t\t\t\t\t\t\t<div class=\"elementor-row\">\n\t\t\t\t\t<div class=\"elementor-column elementor-col-100 elementor-top-column elementor-element elementor-element-328a518\" data-id=\"328a518\" data-element_type=\"column\">\n\t\t\t<div class=\"elementor-column-wrap elementor-element-populated\">\n\t\t\t\t\t\t\t<div class=\"elementor-widget-wrap\">\n\t\t\t\t\t\t<div class=\"elementor-element elementor-element-604d1be elementor-widget elementor-widget-image\" data-id=\"604d1be\" data-element_type=\"widget\" data-widget_type=\"image.default\">\n\t\t\t\t<div class=\"elementor-widget-container\">\n\t\t\t\t\t\t\t\t<div class=\"elementor-image\">\n\t\t\t\t\t\t\t\t\t\t\t\t<img width=\"642\" height=\"529\" src=\"https:\/\/sonnenschein-wertingen.de\/wp-content\/uploads\/2024\/12\/IMG_1234-004-1024x844.jpeg\" class=\"attachment-large size-large\" alt=\"\" loading=\"lazy\" srcset=\"https:\/\/sonnenschein-wertingen.de\/wp-content\/uploads\/2024\/12\/IMG_1234-004-1024x844.jpeg 1024w, https:\/\/sonnenschein-wertingen.de\/wp-content\/uploads\/2024\/12\/IMG_1234-004-300x247.jpeg 300w, https:\/\/sonnenschein-wertingen.de\/wp-content\/uploads\/2024\/12\/IMG_1234-004-768x633.jpeg 768w, https:\/\/sonnenschein-wertingen.de\/wp-content\/uploads\/2024\/12\/IMG_1234-004-1536x1266.jpeg 1536w, https:\/\/sonnenschein-wertingen.de\/wp-content\/uploads\/2024\/12\/IMG_1234-004-2048x1689.jpeg 2048w\" sizes=\"(max-width: 642px) 100vw, 642px\" \/>\t\t\t\t\t\t\t\t\t\t\t\t\t\t<\/div>\n\t\t\t\t\t\t<\/div>\n\t\t\t\t<\/div>\n\t\t\t\t\t\t<\/div>\n\t\t\t\t\t<\/div>\n\t\t<\/div>\n\t\t\t\t\t\t\t\t<\/div>\n\t\t\t\t\t<\/div>\n\t\t<\/section>\n\t\t\t\t<section class=\"elementor-section elementor-top-section elementor-element elementor-element-0e020c2 elementor-section-boxed elementor-section-height-default elementor-section-height-default\" data-id=\"0e020c2\" data-element_type=\"section\">\n\t\t\t\t\t\t<div class=\"elementor-container elementor-column-gap-default\">\n\t\t\t\t\t\t\t<div class=\"elementor-row\">\n\t\t\t\t\t<div class=\"elementor-column elementor-col-100 elementor-top-column elementor-element elementor-element-196c788\" data-id=\"196c788\" data-element_type=\"column\">\n\t\t\t<div class=\"elementor-column-wrap elementor-element-populated\">\n\t\t\t\t\t\t\t<div class=\"elementor-widget-wrap\">\n\t\t\t\t\t\t<div class=\"elementor-element elementor-element-422a3bd elementor-widget elementor-widget-text-editor\" data-id=\"422a3bd\" data-element_type=\"widget\" data-widget_type=\"text-editor.default\">\n\t\t\t\t<div class=\"elementor-widget-container\">\n\t\t\t\t\t\t\t\t<div class=\"elementor-text-editor elementor-clearfix\">\n\t\t\t\t<p><span style=\"font-family: georgia, palatino, serif; font-size: 14pt; color: #000000;\">Die Hortkinder stellten au\u00dferdem ihr Projekt \u201e750 Jahre Wertingen\u201c anhand eines selbstgebauten Modells im Eingangsbereich vor. Dabei freuten sich die Kinder des Sonnenscheins sehr \u00fcber den Besuch ihrer Lehrer am Nachmittag im Hort.<\/span><\/p>\t\t\t\t\t<\/div>\n\t\t\t\t\t\t<\/div>\n\t\t\t\t<\/div>\n\t\t\t\t\t\t<\/div>\n\t\t\t\t\t<\/div>\n\t\t<\/div>\n\t\t\t\t\t\t\t\t<\/div>\n\t\t\t\t\t<\/div>\n\t\t<\/section>\n\t\t\t\t<section class=\"elementor-section elementor-top-section elementor-element elementor-element-f3d7db5 elementor-section-boxed elementor-section-height-default elementor-section-height-default\" data-id=\"f3d7db5\" data-element_type=\"section\">\n\t\t\t\t\t\t<div class=\"elementor-container elementor-column-gap-default\">\n\t\t\t\t\t\t\t<div class=\"elementor-row\">\n\t\t\t\t\t<div class=\"elementor-column elementor-col-100 elementor-top-column elementor-element elementor-element-d15ceb9\" data-id=\"d15ceb9\" data-element_type=\"column\">\n\t\t\t<div class=\"elementor-column-wrap elementor-element-populated\">\n\t\t\t\t\t\t\t<div class=\"elementor-widget-wrap\">\n\t\t\t\t\t\t<div class=\"elementor-element elementor-element-5ff0b6e elementor-widget elementor-widget-image\" data-id=\"5ff0b6e\" data-element_type=\"widget\" data-widget_type=\"image.default\">\n\t\t\t\t<div class=\"elementor-widget-container\">\n\t\t\t\t\t\t\t\t<div class=\"elementor-image\">\n\t\t\t\t\t\t\t\t\t\t\t\t<img width=\"642\" height=\"634\" src=\"https:\/\/sonnenschein-wertingen.de\/wp-content\/uploads\/2024\/12\/IMG_1239-002-1024x1012.jpeg\" class=\"attachment-large size-large\" alt=\"\" loading=\"lazy\" srcset=\"https:\/\/sonnenschein-wertingen.de\/wp-content\/uploads\/2024\/12\/IMG_1239-002-1024x1012.jpeg 1024w, https:\/\/sonnenschein-wertingen.de\/wp-content\/uploads\/2024\/12\/IMG_1239-002-300x297.jpeg 300w, https:\/\/sonnenschein-wertingen.de\/wp-content\/uploads\/2024\/12\/IMG_1239-002-768x759.jpeg 768w, https:\/\/sonnenschein-wertingen.de\/wp-content\/uploads\/2024\/12\/IMG_1239-002-1536x1519.jpeg 1536w, https:\/\/sonnenschein-wertingen.de\/wp-content\/uploads\/2024\/12\/IMG_1239-002-2048x2025.jpeg 2048w\" sizes=\"(max-width: 642px) 100vw, 642px\" \/>\t\t\t\t\t\t\t\t\t\t\t\t\t\t<\/div>\n\t\t\t\t\t\t<\/div>\n\t\t\t\t<\/div>\n\t\t\t\t\t\t<\/div>\n\t\t\t\t\t<\/div>\n\t\t<\/div>\n\t\t\t\t\t\t\t\t<\/div>\n\t\t\t\t\t<\/div>\n\t\t<\/section>\n\t\t\t\t<section class=\"elementor-section elementor-top-section elementor-element elementor-element-d93929d elementor-section-boxed elementor-section-height-default elementor-section-height-default\" data-id=\"d93929d\" data-element_type=\"section\">\n\t\t\t\t\t\t<div class=\"elementor-container elementor-column-gap-default\">\n\t\t\t\t\t\t\t<div class=\"elementor-row\">\n\t\t\t\t\t<div class=\"elementor-column elementor-col-100 elementor-top-column elementor-element elementor-element-701cf45\" data-id=\"701cf45\" data-element_type=\"column\">\n\t\t\t<div class=\"elementor-column-wrap elementor-element-populated\">\n\t\t\t\t\t\t\t<div class=\"elementor-widget-wrap\">\n\t\t\t\t\t\t<div class=\"elementor-element elementor-element-304839c elementor-widget elementor-widget-text-editor\" data-id=\"304839c\" data-element_type=\"widget\" data-widget_type=\"text-editor.default\">\n\t\t\t\t<div class=\"elementor-widget-container\">\n\t\t\t\t\t\t\t\t<div class=\"elementor-text-editor elementor-clearfix\">\n\t\t\t\t<p><span style=\"font-family: georgia, palatino, serif;\">Text und Foto von Dagmar Jettenberger<\/span><\/p>\t\t\t\t\t<\/div>\n\t\t\t\t\t\t<\/div>\n\t\t\t\t<\/div>\n\t\t\t\t\t\t<\/div>\n\t\t\t\t\t<\/div>\n\t\t<\/div>\n\t\t\t\t\t\t\t\t<\/div>\n\t\t\t\t\t<\/div>\n\t\t<\/section>\n\t\t\t\t\t\t\t\t\t<\/div>\n\t\t\t<\/div>\n\t\t\t\t\t<\/div>\n\t\t","protected":false},"excerpt":{"rendered":"<p>Am 13. November 2024 fand am Nachmittag das j\u00e4hrliche Kooperationstreffen mit den Lehrern der Grundschule Wertingen und den Erziehern\/ -innen der Kinderg\u00e4rten von Wertingen und Umgebung statt. Ziel des Treffens ist es, den Austausch zwischen den Einrichtungen aufrecht zu erhalten&hellip; <\/p>\n","protected":false},"author":5,"featured_media":2162,"comment_status":"closed","ping_status":"closed","sticky":false,"template":"","format":"standard","meta":[],"categories":[1],"tags":[],"_links":{"self":[{"href":"https:\/\/sonnenschein-wertingen.de\/index.php?rest_route=\/wp\/v2\/posts\/2174"}],"collection":[{"href":"https:\/\/sonnenschein-wertingen.de\/index.php?rest_route=\/wp\/v2\/posts"}],"about":[{"href":"https:\/\/sonnenschein-wertingen.de\/index.php?rest_route=\/wp\/v2\/types\/post"}],"author":[{"embeddable":true,"href":"https:\/\/sonnenschein-wertingen.de\/index.php?rest_route=\/wp\/v2\/users\/5"}],"replies":[{"embeddable":true,"href":"https:\/\/sonnenschein-wertingen.de\/index.php?rest_route=%2Fwp%2Fv2%2Fcomments&post=2174"}],"version-history":[{"count":4,"href":"https:\/\/sonnenschein-wertingen.de\/index.php?rest_route=\/wp\/v2\/posts\/2174\/revisions"}],"predecessor-version":[{"id":2178,"href":"https:\/\/sonnenschein-wertingen.de\/index.php?rest_route=\/wp\/v2\/posts\/2174\/revisions\/2178"}],"wp:featuredmedia":[{"embeddable":true,"href":"https:\/\/sonnenschein-wertingen.de\/index.php?rest_route=\/wp\/v2\/media\/2162"}],"wp:attachment":[{"href":"https:\/\/sonnenschein-wertingen.de\/index.php?rest_route=%2Fwp%2Fv2%2Fmedia&parent=2174"}],"wp:term":[{"taxonomy":"category","embeddable":true,"href":"https:\/\/sonnenschein-wertingen.de\/index.php?rest_route=%2Fwp%2Fv2%2Fcategories&post=2174"},{"taxonomy":"post_tag","embeddable":true,"href":"https:\/\/sonnenschein-wertingen.de\/index.php?rest_route=%2Fwp%2Fv2%2Ftags&post=2174"}],"curies":[{"name":"wp","href":"https:\/\/api.w.org\/{rel}","templated":true}]}}