{"id":2206,"date":"2025-03-11T09:35:15","date_gmt":"2025-03-11T08:35:15","guid":{"rendered":"https:\/\/sonnenschein-wertingen.de\/?p=2206"},"modified":"2025-03-11T09:40:04","modified_gmt":"2025-03-11T08:40:04","slug":"gemeinsame-adventsfeier","status":"publish","type":"post","link":"https:\/\/sonnenschein-wertingen.de\/?p=2206","title":{"rendered":"Gemeinsame Adventsfeier"},"content":{"rendered":"\t\t<div data-elementor-type=\"wp-post\" data-elementor-id=\"2206\" class=\"elementor elementor-2206\">\n\t\t\t\t\t\t<div class=\"elementor-inner\">\n\t\t\t\t<div class=\"elementor-section-wrap\">\n\t\t\t\t\t\t\t\t\t<section class=\"elementor-section elementor-top-section elementor-element elementor-element-7cf8546 elementor-section-boxed elementor-section-height-default elementor-section-height-default\" data-id=\"7cf8546\" data-element_type=\"section\">\n\t\t\t\t\t\t<div class=\"elementor-container elementor-column-gap-default\">\n\t\t\t\t\t\t\t<div class=\"elementor-row\">\n\t\t\t\t\t<div class=\"elementor-column elementor-col-100 elementor-top-column elementor-element elementor-element-52a761e\" data-id=\"52a761e\" data-element_type=\"column\">\n\t\t\t<div class=\"elementor-column-wrap elementor-element-populated\">\n\t\t\t\t\t\t\t<div class=\"elementor-widget-wrap\">\n\t\t\t\t\t\t<div class=\"elementor-element elementor-element-db339df elementor-widget elementor-widget-text-editor\" data-id=\"db339df\" data-element_type=\"widget\" data-widget_type=\"text-editor.default\">\n\t\t\t\t<div class=\"elementor-widget-container\">\n\t\t\t\t\t\t\t\t<div class=\"elementor-text-editor elementor-clearfix\">\n\t\t\t\t<p><span style=\"font-family: georgia, palatino, serif; font-size: 14pt; color: #000000;\">Letztes Jahr, am 13. Dezember 2024, durften wir gemeinsam eine besinnliche und fr\u00f6hliche<\/span><br \/><span style=\"font-family: georgia, palatino, serif; font-size: 14pt; color: #000000;\">Adventsfeier im Kinderhaus Sonnenschein erleben. Der Tag war gepr\u00e4gt von festlicher Stimmung,<\/span><br \/><span style=\"font-family: georgia, palatino, serif; font-size: 14pt; color: #000000;\">kreativen Beitr\u00e4gen der Kinder und einer tollen Beteiligung aller Erzieherinnen. Hier ein R\u00fcckblick<\/span><br \/><span style=\"font-family: georgia, palatino, serif; font-size: 14pt; color: #000000;\">auf diesen besonderen Tag:<\/span><\/p>\t\t\t\t\t<\/div>\n\t\t\t\t\t\t<\/div>\n\t\t\t\t<\/div>\n\t\t\t\t\t\t<\/div>\n\t\t\t\t\t<\/div>\n\t\t<\/div>\n\t\t\t\t\t\t\t\t<\/div>\n\t\t\t\t\t<\/div>\n\t\t<\/section>\n\t\t\t\t<section class=\"elementor-section elementor-top-section elementor-element elementor-element-cf702b1 elementor-section-boxed elementor-section-height-default elementor-section-height-default\" data-id=\"cf702b1\" data-element_type=\"section\">\n\t\t\t\t\t\t<div class=\"elementor-container elementor-column-gap-default\">\n\t\t\t\t\t\t\t<div class=\"elementor-row\">\n\t\t\t\t\t<div class=\"elementor-column elementor-col-100 elementor-top-column elementor-element elementor-element-bf95a55\" data-id=\"bf95a55\" data-element_type=\"column\">\n\t\t\t<div class=\"elementor-column-wrap elementor-element-populated\">\n\t\t\t\t\t\t\t<div class=\"elementor-widget-wrap\">\n\t\t\t\t\t\t<div class=\"elementor-element elementor-element-4f4d290 elementor-widget elementor-widget-text-editor\" data-id=\"4f4d290\" data-element_type=\"widget\" data-widget_type=\"text-editor.default\">\n\t\t\t\t<div class=\"elementor-widget-container\">\n\t\t\t\t\t\t\t\t<div class=\"elementor-text-editor elementor-clearfix\">\n\t\t\t\t<p><span style=\"font-family: georgia, palatino, serif; font-size: 14pt; color: #000000;\">Im Fokus der Feier stand das abwechslungsreiche Programm der Kindergarten- und Hortgruppen,<\/span><br \/><span style=\"font-family: georgia, palatino, serif; font-size: 14pt; color: #000000;\">das mit viel Liebe vorbereitet wurde. Die Igelgruppe er\u00f6ffnete den Tag um 11:00 Uhr mit fr\u00f6hlichen<\/span><br \/><span style=\"font-family: georgia, palatino, serif; font-size: 14pt; color: #000000;\">Weihnachtsliedern im Eingangsbereich, gefolgt von der B\u00e4rengruppe, die mit einem<\/span><br \/><span style=\"font-family: georgia, palatino, serif; font-size: 14pt; color: #000000;\">stimmungsvollen Lichtertanz im Turnraum begeisterte. Am Nachmittag unterhielten die M\u00e4use um<\/span><br \/><span style=\"font-family: georgia, palatino, serif; font-size: 14pt; color: #000000;\">14:00 Uhr mit einem kreativen M\u00e4rchenr\u00e4tsel, w\u00e4hrend die Elefantengruppe um 15:00 Uhr mit<\/span><br \/><span style=\"font-family: georgia, palatino, serif; font-size: 14pt; color: #000000;\">ihren Weihnachtsliedern erneut eine festliche Atmosph\u00e4re schuf. Den Abschluss bot der Hort,<\/span><br \/><span style=\"font-family: georgia, palatino, serif; font-size: 14pt; color: #000000;\">dessen Kinder um 15:30 Uhr mit Instrumenten spielten und damit f\u00fcr einen musikalischen<\/span><br \/><span style=\"font-family: georgia, palatino, serif; font-size: 14pt; color: #000000;\">Abschluss sorgten.<\/span><\/p>\t\t\t\t\t<\/div>\n\t\t\t\t\t\t<\/div>\n\t\t\t\t<\/div>\n\t\t\t\t\t\t<\/div>\n\t\t\t\t\t<\/div>\n\t\t<\/div>\n\t\t\t\t\t\t\t\t<\/div>\n\t\t\t\t\t<\/div>\n\t\t<\/section>\n\t\t\t\t<section class=\"elementor-section elementor-top-section elementor-element elementor-element-116c769 elementor-section-boxed elementor-section-height-default elementor-section-height-default\" data-id=\"116c769\" data-element_type=\"section\">\n\t\t\t\t\t\t<div class=\"elementor-container elementor-column-gap-default\">\n\t\t\t\t\t\t\t<div class=\"elementor-row\">\n\t\t\t\t\t<div class=\"elementor-column elementor-col-100 elementor-top-column elementor-element elementor-element-96bd550\" data-id=\"96bd550\" data-element_type=\"column\">\n\t\t\t<div class=\"elementor-column-wrap elementor-element-populated\">\n\t\t\t\t\t\t\t<div class=\"elementor-widget-wrap\">\n\t\t\t\t\t\t<div class=\"elementor-element elementor-element-cc27d55 elementor-widget elementor-widget-image\" data-id=\"cc27d55\" data-element_type=\"widget\" data-widget_type=\"image.default\">\n\t\t\t\t<div class=\"elementor-widget-container\">\n\t\t\t\t\t\t\t\t<div class=\"elementor-image\">\n\t\t\t\t\t\t\t\t\t\t\t\t<img width=\"642\" height=\"478\" src=\"https:\/\/sonnenschein-wertingen.de\/wp-content\/uploads\/2025\/03\/IMG_4907-1024x763.jpeg\" class=\"attachment-large size-large\" alt=\"\" loading=\"lazy\" srcset=\"https:\/\/sonnenschein-wertingen.de\/wp-content\/uploads\/2025\/03\/IMG_4907-1024x763.jpeg 1024w, https:\/\/sonnenschein-wertingen.de\/wp-content\/uploads\/2025\/03\/IMG_4907-300x223.jpeg 300w, https:\/\/sonnenschein-wertingen.de\/wp-content\/uploads\/2025\/03\/IMG_4907-768x572.jpeg 768w, https:\/\/sonnenschein-wertingen.de\/wp-content\/uploads\/2025\/03\/IMG_4907.jpeg 1341w\" sizes=\"(max-width: 642px) 100vw, 642px\" \/>\t\t\t\t\t\t\t\t\t\t\t\t\t\t<\/div>\n\t\t\t\t\t\t<\/div>\n\t\t\t\t<\/div>\n\t\t\t\t\t\t<\/div>\n\t\t\t\t\t<\/div>\n\t\t<\/div>\n\t\t\t\t\t\t\t\t<\/div>\n\t\t\t\t\t<\/div>\n\t\t<\/section>\n\t\t\t\t<section class=\"elementor-section elementor-top-section elementor-element elementor-element-5588d15 elementor-section-boxed elementor-section-height-default elementor-section-height-default\" data-id=\"5588d15\" data-element_type=\"section\">\n\t\t\t\t\t\t<div class=\"elementor-container elementor-column-gap-default\">\n\t\t\t\t\t\t\t<div class=\"elementor-row\">\n\t\t\t\t\t<div class=\"elementor-column elementor-col-100 elementor-top-column elementor-element elementor-element-f91cbc3\" data-id=\"f91cbc3\" data-element_type=\"column\">\n\t\t\t<div class=\"elementor-column-wrap elementor-element-populated\">\n\t\t\t\t\t\t\t<div class=\"elementor-widget-wrap\">\n\t\t\t\t\t\t<div class=\"elementor-element elementor-element-29950aa elementor-widget elementor-widget-text-editor\" data-id=\"29950aa\" data-element_type=\"widget\" data-widget_type=\"text-editor.default\">\n\t\t\t\t<div class=\"elementor-widget-container\">\n\t\t\t\t\t\t\t\t<div class=\"elementor-text-editor elementor-clearfix\">\n\t\t\t\t<p><span style=\"font-family: georgia, palatino, serif; font-size: 14pt; color: #000000;\">Nat\u00fcrlich durfte auch das leibliche Wohl nicht zu kurz kommen. Frisch gebackene Waffeln,<\/span><br \/><span style=\"font-family: georgia, palatino, serif; font-size: 14pt; color: #000000;\">Kinderpunsch und Kaffee sorgten daf\u00fcr, dass niemand hungrig oder durstig blieb. Zus\u00e4tzlich gab es<\/span><br \/><span style=\"font-family: georgia, palatino, serif; font-size: 14pt; color: #000000;\">liebevoll gestaltete kleine Geschenke zu kaufen. Dabei kam eine beachtliche Summe von 681 Euro<\/span><br \/><span style=\"font-family: georgia, palatino, serif; font-size: 14pt; color: #000000;\">zusammen, die zu 100 % dem Kinderhaus zugutekommen wird.<\/span><\/p>\t\t\t\t\t<\/div>\n\t\t\t\t\t\t<\/div>\n\t\t\t\t<\/div>\n\t\t\t\t\t\t<\/div>\n\t\t\t\t\t<\/div>\n\t\t<\/div>\n\t\t\t\t\t\t\t\t<\/div>\n\t\t\t\t\t<\/div>\n\t\t<\/section>\n\t\t\t\t<section class=\"elementor-section elementor-top-section elementor-element elementor-element-1dfed7f elementor-section-boxed elementor-section-height-default elementor-section-height-default\" data-id=\"1dfed7f\" data-element_type=\"section\">\n\t\t\t\t\t\t<div class=\"elementor-container elementor-column-gap-default\">\n\t\t\t\t\t\t\t<div class=\"elementor-row\">\n\t\t\t\t\t<div class=\"elementor-column elementor-col-100 elementor-top-column elementor-element elementor-element-a00edfb\" data-id=\"a00edfb\" data-element_type=\"column\">\n\t\t\t<div class=\"elementor-column-wrap elementor-element-populated\">\n\t\t\t\t\t\t\t<div class=\"elementor-widget-wrap\">\n\t\t\t\t\t\t<div class=\"elementor-element elementor-element-c8124f7 elementor-widget elementor-widget-image\" data-id=\"c8124f7\" data-element_type=\"widget\" data-widget_type=\"image.default\">\n\t\t\t\t<div class=\"elementor-widget-container\">\n\t\t\t\t\t\t\t\t<div class=\"elementor-image\">\n\t\t\t\t\t\t\t\t\t\t\t\t<img width=\"642\" height=\"480\" src=\"https:\/\/sonnenschein-wertingen.de\/wp-content\/uploads\/2025\/03\/IMG_4908-1024x765.jpeg\" class=\"attachment-large size-large\" alt=\"\" loading=\"lazy\" srcset=\"https:\/\/sonnenschein-wertingen.de\/wp-content\/uploads\/2025\/03\/IMG_4908-1024x765.jpeg 1024w, https:\/\/sonnenschein-wertingen.de\/wp-content\/uploads\/2025\/03\/IMG_4908-300x224.jpeg 300w, https:\/\/sonnenschein-wertingen.de\/wp-content\/uploads\/2025\/03\/IMG_4908-768x574.jpeg 768w, https:\/\/sonnenschein-wertingen.de\/wp-content\/uploads\/2025\/03\/IMG_4908.jpeg 1383w\" sizes=\"(max-width: 642px) 100vw, 642px\" \/>\t\t\t\t\t\t\t\t\t\t\t\t\t\t<\/div>\n\t\t\t\t\t\t<\/div>\n\t\t\t\t<\/div>\n\t\t\t\t\t\t<\/div>\n\t\t\t\t\t<\/div>\n\t\t<\/div>\n\t\t\t\t\t\t\t\t<\/div>\n\t\t\t\t\t<\/div>\n\t\t<\/section>\n\t\t\t\t<section class=\"elementor-section elementor-top-section elementor-element elementor-element-db72a10 elementor-section-boxed elementor-section-height-default elementor-section-height-default\" data-id=\"db72a10\" data-element_type=\"section\">\n\t\t\t\t\t\t<div class=\"elementor-container elementor-column-gap-default\">\n\t\t\t\t\t\t\t<div class=\"elementor-row\">\n\t\t\t\t\t<div class=\"elementor-column elementor-col-100 elementor-top-column elementor-element elementor-element-f921c7e\" data-id=\"f921c7e\" data-element_type=\"column\">\n\t\t\t<div class=\"elementor-column-wrap elementor-element-populated\">\n\t\t\t\t\t\t\t<div class=\"elementor-widget-wrap\">\n\t\t\t\t\t\t<div class=\"elementor-element elementor-element-c957bb1 elementor-widget elementor-widget-text-editor\" data-id=\"c957bb1\" data-element_type=\"widget\" data-widget_type=\"text-editor.default\">\n\t\t\t\t<div class=\"elementor-widget-container\">\n\t\t\t\t\t\t\t\t<div class=\"elementor-text-editor elementor-clearfix\">\n\t\t\t\t<p><span style=\"font-family: georgia, palatino, serif; font-size: 14pt; color: #000000;\">Wie das Geld konkret verwendet wird, wird in einer der n\u00e4chsten Elternbeiratssitzungen<\/span><br \/><span style=\"font-family: georgia, palatino, serif; font-size: 14pt; color: #000000;\">gemeinsam mit der Einrichtungsleitung besprochen.<\/span><br \/><span style=\"font-family: georgia, palatino, serif; font-size: 14pt; color: #000000;\">Wir m\u00f6chten uns herzlich bei allen bedanken, die diesen wundersch\u00f6nen Tag erm\u00f6glicht haben:<\/span><br \/><span style=\"font-family: georgia, palatino, serif; font-size: 14pt; color: #000000;\">den Kindern f\u00fcr ihre kreativen Beitr\u00e4ge, den Erzieherinnen f\u00fcr ihre engagierte Organisation und<\/span><br \/><span style=\"font-family: georgia, palatino, serif; font-size: 14pt; color: #000000;\">nat\u00fcrlich bei den Eltern f\u00fcr ihr Kommen und Mitwirken.<\/span><br \/><span style=\"font-family: georgia, palatino, serif; font-size: 14pt; color: #000000;\">Im Namen der Kinder, der Erzieherinnen, des gesamten Kinderhauses und des Elternbeirats sagen<\/span><br \/><span style=\"font-family: georgia, palatino, serif; font-size: 14pt; color: #000000;\">wir: Danke f\u00fcr diese tolle gemeinsame Adventsfeier!<\/span><br \/><span style=\"font-family: georgia, palatino, serif; font-size: 14pt; color: #000000;\">Wir freuen uns schon auf die n\u00e4chste Gelegenheit, zusammenzukommen und eine ebenso sch\u00f6ne<\/span><br \/><span style=\"font-family: georgia, palatino, serif; font-size: 14pt; color: #000000;\">Zeit zu verbringen.<\/span><br \/><span style=\"font-family: georgia, palatino, serif; font-size: 14pt; color: #000000;\">Euer Elternbeirat <\/span><\/p>\t\t\t\t\t<\/div>\n\t\t\t\t\t\t<\/div>\n\t\t\t\t<\/div>\n\t\t\t\t\t\t<\/div>\n\t\t\t\t\t<\/div>\n\t\t<\/div>\n\t\t\t\t\t\t\t\t<\/div>\n\t\t\t\t\t<\/div>\n\t\t<\/section>\n\t\t\t\t<section class=\"elementor-section elementor-top-section elementor-element elementor-element-f06f476 elementor-section-boxed elementor-section-height-default elementor-section-height-default\" data-id=\"f06f476\" data-element_type=\"section\">\n\t\t\t\t\t\t<div class=\"elementor-container elementor-column-gap-default\">\n\t\t\t\t\t\t\t<div class=\"elementor-row\">\n\t\t\t\t\t<div class=\"elementor-column elementor-col-100 elementor-top-column elementor-element elementor-element-eb4fd57\" data-id=\"eb4fd57\" data-element_type=\"column\">\n\t\t\t<div class=\"elementor-column-wrap elementor-element-populated\">\n\t\t\t\t\t\t\t<div class=\"elementor-widget-wrap\">\n\t\t\t\t\t\t<div class=\"elementor-element elementor-element-5bc9761 elementor-widget elementor-widget-text-editor\" data-id=\"5bc9761\" data-element_type=\"widget\" data-widget_type=\"text-editor.default\">\n\t\t\t\t<div class=\"elementor-widget-container\">\n\t\t\t\t\t\t\t\t<div class=\"elementor-text-editor elementor-clearfix\">\n\t\t\t\t<p>Text: Elternbereit des Kinderhaus Sonnenschein; Bilder: Personal des Kinderhaus Sonnenschein<\/p>\t\t\t\t\t<\/div>\n\t\t\t\t\t\t<\/div>\n\t\t\t\t<\/div>\n\t\t\t\t\t\t<\/div>\n\t\t\t\t\t<\/div>\n\t\t<\/div>\n\t\t\t\t\t\t\t\t<\/div>\n\t\t\t\t\t<\/div>\n\t\t<\/section>\n\t\t\t\t\t\t\t\t\t<\/div>\n\t\t\t<\/div>\n\t\t\t\t\t<\/div>\n\t\t","protected":false},"excerpt":{"rendered":"<p>Letztes Jahr, am 13. Dezember 2024, durften wir gemeinsam eine besinnliche und fr\u00f6hlicheAdventsfeier im Kinderhaus Sonnenschein erleben. Der Tag war gepr\u00e4gt von festlicher Stimmung,kreativen Beitr\u00e4gen der Kinder und einer tollen Beteiligung aller Erzieherinnen. Hier ein R\u00fcckblickauf diesen besonderen Tag: Im&hellip; <\/p>\n","protected":false},"author":5,"featured_media":2226,"comment_status":"closed","ping_status":"closed","sticky":false,"template":"","format":"standard","meta":[],"categories":[1],"tags":[],"_links":{"self":[{"href":"https:\/\/sonnenschein-wertingen.de\/index.php?rest_route=\/wp\/v2\/posts\/2206"}],"collection":[{"href":"https:\/\/sonnenschein-wertingen.de\/index.php?rest_route=\/wp\/v2\/posts"}],"about":[{"href":"https:\/\/sonnenschein-wertingen.de\/index.php?rest_route=\/wp\/v2\/types\/post"}],"author":[{"embeddable":true,"href":"https:\/\/sonnenschein-wertingen.de\/index.php?rest_route=\/wp\/v2\/users\/5"}],"replies":[{"embeddable":true,"href":"https:\/\/sonnenschein-wertingen.de\/index.php?rest_route=%2Fwp%2Fv2%2Fcomments&post=2206"}],"version-history":[{"count":15,"href":"https:\/\/sonnenschein-wertingen.de\/index.php?rest_route=\/wp\/v2\/posts\/2206\/revisions"}],"predecessor-version":[{"id":2235,"href":"https:\/\/sonnenschein-wertingen.de\/index.php?rest_route=\/wp\/v2\/posts\/2206\/revisions\/2235"}],"wp:featuredmedia":[{"embeddable":true,"href":"https:\/\/sonnenschein-wertingen.de\/index.php?rest_route=\/wp\/v2\/media\/2226"}],"wp:attachment":[{"href":"https:\/\/sonnenschein-wertingen.de\/index.php?rest_route=%2Fwp%2Fv2%2Fmedia&parent=2206"}],"wp:term":[{"taxonomy":"category","embeddable":true,"href":"https:\/\/sonnenschein-wertingen.de\/index.php?rest_route=%2Fwp%2Fv2%2Fcategories&post=2206"},{"taxonomy":"post_tag","embeddable":true,"href":"https:\/\/sonnenschein-wertingen.de\/index.php?rest_route=%2Fwp%2Fv2%2Ftags&post=2206"}],"curies":[{"name":"wp","href":"https:\/\/api.w.org\/{rel}","templated":true}]}}